{"id":63387,"date":"2026-03-28T12:55:13","date_gmt":"2026-03-28T11:55:13","guid":{"rendered":"https:\/\/lentraide.es\/cena-de-gala-de-lentraide-martes-23-de-junio-2026-a-partir-de-las-2000\/"},"modified":"2026-04-20T14:12:04","modified_gmt":"2026-04-20T12:12:04","slug":"cena-gala-entraide","status":"publish","type":"post","link":"https:\/\/lentraide.es\/es\/cena-gala-entraide\/","title":{"rendered":"Cena de gala de l&#8217;Entraide &#8211; Martes 23 de junio 2026 a partir de las 20:00"},"content":{"rendered":"<div class=\"wpb-content-wrapper\"><p>[vc_row css_animation=\u00bb\u00bb row_type=\u00bbrow\u00bb use_row_as_full_screen_section=\u00bbno\u00bb type=\u00bbfull_width\u00bb angled_section=\u00bbno\u00bb text_align=\u00bbleft\u00bb background_image_as_pattern=\u00bbwithout_pattern\u00bb][vc_column width=\u00bb1\/6&#8243;][\/vc_column][vc_column width=\u00bb2\/3&#8243;][vc_single_image image=\u00bb63374&#8243; img_size=\u00bblarge\u00bb alignment=\u00bbcenter\u00bb css=\u00bb\u00bb qode_css_animation=\u00bb\u00bb][vc_empty_space][vc_row_inner row_type=\u00bbrow\u00bb type=\u00bbfull_width\u00bb text_align=\u00bbleft\u00bb css_animation=\u00bb\u00bb css=\u00bb.vc_custom_1683967647765{background-color: #0029cb !important;}\u00bb][vc_column_inner][vc_column_text css=\u00bb.vc_custom_1715084808145{padding-top: 20px !important;padding-bottom: 20px !important;background-color: #0029cb !important;}\u00bb]<\/p>\n<h1 style=\"text-align: center;\"><span style=\"color: #ffffff;\">Cena de gala de l\u2019Entraide<\/span><\/h1>\n<p>[\/vc_column_text][\/vc_column_inner][\/vc_row_inner][\/vc_column][vc_column width=\u00bb1\/6&#8243;][\/vc_column][\/vc_row][vc_row css_animation=\u00bb\u00bb row_type=\u00bbrow\u00bb use_row_as_full_screen_section=\u00bbno\u00bb type=\u00bbfull_width\u00bb angled_section=\u00bbno\u00bb text_align=\u00bbleft\u00bb background_image_as_pattern=\u00bbwithout_pattern\u00bb css=\u00bb.vc_custom_1683969753709{margin-bottom: 20px !important;}\u00bb z_index=\u00bb\u00bb][vc_column width=\u00bb1\/6&#8243;][\/vc_column][vc_column width=\u00bb2\/3&#8243;][vc_row_inner row_type=\u00bbrow\u00bb type=\u00bbfull_width\u00bb text_align=\u00bbleft\u00bb css_animation=\u00bb\u00bb css=\u00bb.vc_custom_1683969429152{padding-top: 10px !important;padding-bottom: 10px !important;background-color: #f4f4f4 !important;}\u00bb][vc_column_inner width=\u00bb1\/2&#8243;][vc_column_text css=\u00bb.vc_custom_1774697049277{padding-left: 10px !important;background-color: #f4f4f4 !important;}\u00bb]<\/p>\n<h4><strong><em>Queridos amigos y amigas de l\u2019Entraide, <\/em><\/strong><\/h4>\n<p>&nbsp;<\/p>\n<h4><em><strong>Nos alegra mucho invitaros una vez m\u00e1s a nuestra tradicional Cena de Gala, un momento muy esperado que estaremos encantados de compartir de nuevo con vosotros.<\/strong><\/em><\/h4>\n<p>&nbsp;<\/p>\n<h2 style=\"text-align: center;\"><strong><span style=\"color: #0029cc;\"><em>Martes 23 de junio 2026<br \/>\nen los jardines de la Residencia de Francia<br \/>\nCalle Serrano 124 \u2013 28006 Madrid<\/em><\/span><\/strong><\/h2>\n<p>&nbsp;<\/p>\n<h4><strong><em>Tendremos el placer de recibiros a partir de las 20:00 en este entorno tan especial para disfrutar de un c\u00f3ctel, seguido de una cena presidida por <span style=\"color: #0029cc;\">la Embajadora de Francia en Espa\u00f1a, Madame Kareen Rispal.<\/span><\/em><\/strong><\/h4>\n<p>&nbsp;<\/p>\n<h4><em><strong>Durante la velada, se har\u00e1 entrega de nuestro <span style=\"color: #0029cc;\">Premio de la Solidaridad.<\/span> Tambi\u00e9n podr\u00e9is participar en nuestra <span style=\"color: #0029cc;\">subasta solidaria, con lotes excepcionales, <\/span> aantes de cerrar la noche con <span style=\"color: #0029cc;\">nuestra tradicional rifa, con magn\u00edficos premios ofrecidos por nuestros patrocinadores.<\/span><\/strong><\/em><\/h4>\n<p>&nbsp;<\/p>\n<h4><em><strong>Ser\u00e1, sobre todo, una magn\u00edfica ocasi\u00f3n para reencontrarnos, compartir y celebrar juntos el compromiso solidario que nos une \ud83d\udc9b<\/strong><\/em><\/h4>\n<p>&nbsp;<\/p>\n<h4><em><strong>Esperamos contar con vuestra presencia,<\/strong><\/em><\/h4>\n<p>&nbsp;<\/p>\n<h4><strong><em>Catherine Janot<br \/>\n<\/em><em>Presidenta<\/em><\/strong><\/h4>\n<p>[\/vc_column_text][\/vc_column_inner][vc_column_inner width=\u00bb1\/2&#8243;][vc_single_image image=\u00bb63379&#8243; img_size=\u00bblarge\u00bb alignment=\u00bbcenter\u00bb css=\u00bb.vc_custom_1774696148752{padding-top: 45px !important;background-color: #f4f4f4 !important;}\u00bb qode_css_animation=\u00bb\u00bb][\/vc_column_inner][\/vc_row_inner][\/vc_column][vc_column width=\u00bb1\/6&#8243;][\/vc_column][\/vc_row][vc_row css_animation=\u00bb\u00bb row_type=\u00bbrow\u00bb use_row_as_full_screen_section=\u00bbno\u00bb type=\u00bbfull_width\u00bb angled_section=\u00bbno\u00bb text_align=\u00bbleft\u00bb background_image_as_pattern=\u00bbwithout_pattern\u00bb][vc_column][vc_empty_space][\/vc_column][\/vc_row][vc_row css_animation=\u00bb\u00bb row_type=\u00bbrow\u00bb use_row_as_full_screen_section=\u00bbno\u00bb type=\u00bbfull_width\u00bb angled_section=\u00bbno\u00bb text_align=\u00bbleft\u00bb background_image_as_pattern=\u00bbwithout_pattern\u00bb][vc_column width=\u00bb1\/6&#8243;][\/vc_column][vc_column width=\u00bb2\/3&#8243;][vc_row_inner row_type=\u00bbrow\u00bb type=\u00bbfull_width\u00bb text_align=\u00bbleft\u00bb css_animation=\u00bb\u00bb css=\u00bb.vc_custom_1748513980400{background-color: #0029CB !important;}\u00bb][vc_column_inner][vc_empty_space height=\u00bb10px\u00bb][vc_column_text css=\u00bb\u00bb]<\/p>\n<h1><\/h1>\n<p><\/p>\n<h1 style=\"text-align: center;\"><span style=\"color: #ffffff;\">Gracias a nuestros generosos patrocinadores<\/span><\/h1>\n<p><\/p>\n<h1><\/h1>\n<p>[\/vc_column_text][vc_empty_space height=\u00bb10px\u00bb][\/vc_column_inner][\/vc_row_inner][\/vc_column][vc_column width=\u00bb1\/6&#8243;][\/vc_column][\/vc_row][vc_row css_animation=\u00bb\u00bb row_type=\u00bbrow\u00bb use_row_as_full_screen_section=\u00bbno\u00bb type=\u00bbfull_width\u00bb angled_section=\u00bbno\u00bb text_align=\u00bbleft\u00bb background_image_as_pattern=\u00bbwithout_pattern\u00bb][vc_column width=\u00bb1\/6&#8243;][\/vc_column][vc_column width=\u00bb2\/3&#8243;][vc_row_inner row_type=\u00bbrow\u00bb type=\u00bbfull_width\u00bb text_align=\u00bbleft\u00bb css_animation=\u00bb\u00bb css=\u00bb.vc_custom_1748513936154{background-color: #FFFFFF !important;}\u00bb][vc_column_inner width=\u00bb1\/3&#8243;][vc_empty_space height=\u00bb15px\u00bb][vc_single_image image=\u00bb61261&#8243; img_size=\u00bbfull\u00bb alignment=\u00bbcenter\u00bb onclick=\u00bbcustom_link\u00bb img_link_target=\u00bb_blank\u00bb css=\u00bb\u00bb qode_css_animation=\u00bb\u00bb link=\u00bbhttps:\/\/lecourrier.es\/\u00bb][\/vc_column_inner][vc_column_inner width=\u00bb1\/3&#8243;][vc_empty_space height=\u00bb15px\u00bb][vc_single_image image=\u00bb61263&#8243; img_size=\u00bbfull\u00bb alignment=\u00bbcenter\u00bb onclick=\u00bbcustom_link\u00bb img_link_target=\u00bb_blank\u00bb css=\u00bb\u00bb qode_css_animation=\u00bb\u00bb link=\u00bbhttps:\/\/fondation.michelin.com\/\u00bb][\/vc_column_inner][vc_column_inner width=\u00bb1\/3&#8243;][vc_empty_space height=\u00bb15px\u00bb][vc_single_image image=\u00bb26622&#8243; img_size=\u00bbfull\u00bb alignment=\u00bbcenter\u00bb onclick=\u00bbcustom_link\u00bb img_link_target=\u00bb_blank\u00bb css=\u00bb\u00bb qode_css_animation=\u00bb\u00bb link=\u00bbhttps:\/\/www.directbodega.com\/index.html\u00bb][\/vc_column_inner][\/vc_row_inner][vc_row_inner row_type=\u00bbrow\u00bb type=\u00bbfull_width\u00bb text_align=\u00bbleft\u00bb css_animation=\u00bb\u00bb css=\u00bb.vc_custom_1748513936154{background-color: #FFFFFF !important;}\u00bb][vc_column_inner width=\u00bb1\/3&#8243;][vc_single_image image=\u00bb23171&#8243; img_size=\u00bbfull\u00bb alignment=\u00bbcenter\u00bb onclick=\u00bbcustom_link\u00bb img_link_target=\u00bb_blank\u00bb css=\u00bb\u00bb qode_css_animation=\u00bb\u00bb link=\u00bbhttps:\/\/www.pernod-ricard.com\/es\/locations\/spain\u00bb][\/vc_column_inner][vc_column_inner width=\u00bb1\/3&#8243;][\/vc_column_inner][vc_column_inner width=\u00bb1\/3&#8243;][vc_single_image image=\u00bb55741&#8243; img_size=\u00bbfull\u00bb alignment=\u00bbcenter\u00bb onclick=\u00bbcustom_link\u00bb img_link_target=\u00bb_blank\u00bb css=\u00bb\u00bb qode_css_animation=\u00bb\u00bb link=\u00bbhttps:\/\/www.leroymerlin.es\/\u00bb][\/vc_column_inner][\/vc_row_inner][\/vc_column][vc_column width=\u00bb1\/6&#8243;][\/vc_column][\/vc_row][vc_row css_animation=\u00bb\u00bb row_type=\u00bbrow\u00bb use_row_as_full_screen_section=\u00bbno\u00bb type=\u00bbfull_width\u00bb angled_section=\u00bbno\u00bb text_align=\u00bbleft\u00bb background_image_as_pattern=\u00bbwithout_pattern\u00bb][vc_column][vc_empty_space][\/vc_column][\/vc_row][vc_row css_animation=\u00bb\u00bb row_type=\u00bbrow\u00bb use_row_as_full_screen_section=\u00bbno\u00bb type=\u00bbfull_width\u00bb angled_section=\u00bbno\u00bb text_align=\u00bbleft\u00bb background_image_as_pattern=\u00bbwithout_pattern\u00bb][vc_column width=\u00bb1\/6&#8243;][\/vc_column][vc_column width=\u00bb2\/3&#8243;][vc_row_inner row_type=\u00bbrow\u00bb type=\u00bbfull_width\u00bb text_align=\u00bbleft\u00bb css_animation=\u00bb\u00bb css=\u00bb.vc_custom_1748513996811{background-color: #0029CB !important;}\u00bb][vc_column_inner][vc_empty_space height=\u00bb10px\u00bb][vc_column_text css=\u00bb\u00bb]<\/p>\n<h1 style=\"text-align: center;\"><span style=\"color: #ffffff;\">Reserva y organiza tu mesa<\/span><\/h1>\n<p><\/p>\n<h1 style=\"text-align: center;\"><span style=\"color: #ffffff;\">140\u20ac por persona (socios 120\u20ac)<\/span><\/h1>\n<p>[\/vc_column_text][vc_empty_space height=\u00bb10px\u00bb][\/vc_column_inner][\/vc_row_inner][\/vc_column][vc_column width=\u00bb1\/6&#8243;][\/vc_column][\/vc_row][vc_row css_animation=\u00bb\u00bb row_type=\u00bbrow\u00bb use_row_as_full_screen_section=\u00bbno\u00bb type=\u00bbfull_width\u00bb angled_section=\u00bbno\u00bb text_align=\u00bbleft\u00bb background_image_as_pattern=\u00bbwithout_pattern\u00bb][vc_column width=\u00bb1\/4&#8243;][\/vc_column][vc_column width=\u00bb1\/2&#8243;][vc_row_inner row_type=\u00bbrow\u00bb type=\u00bbfull_width\u00bb text_align=\u00bbleft\u00bb css_animation=\u00bb\u00bb css=\u00bb.vc_custom_1774698287487{margin-bottom: 20px !important;padding-top: 10px !important;padding-bottom: 10px !important;}\u00bb][vc_column_inner][vc_empty_space height=\u00bb10px\u00bb][vc_column_text css=\u00bb\u00bb]<\/p>\n<h2 style=\"text-align: center;\"><span style=\"color: #0029cc;\"><b>La reserva se hace en linea \ud83d\udc47\ud83d\udc47\ud83d\udc47<\/b><\/span><\/h2>\n<p>[\/vc_column_text][vc_empty_space]<div class=\"woocommerce \"><ul class=\"products\">\n<li class=\"product type-product post-63424 status-publish first instock product_cat-eventos has-post-thumbnail featured shipping-taxable purchasable product-type-variable\">\n\t\n\t\t\n    <div class=\"top-product-section\">\n\n        <a itemprop=\"url\" href=\"https:\/\/lentraide.es\/es\/tienda\/cena-de-gala-de-lentraide-martes-23-de-junio-2026\/\" class=\"product-category\">\n            <span class=\"image-wrapper\">\n            <img loading=\"lazy\" decoding=\"async\" width=\"150\" height=\"150\" src=\"https:\/\/lentraide.es\/wp-content\/uploads\/2026\/03\/GALA2026-ESP-150x150.png\" class=\"attachment-woocommerce_thumbnail size-woocommerce_thumbnail\" alt=\"Cena de gala de l&#039;Entraide - Martes 23 de Junio 2026\" srcset=\"https:\/\/lentraide.es\/wp-content\/uploads\/2026\/03\/GALA2026-ESP-150x150.png 150w, https:\/\/lentraide.es\/wp-content\/uploads\/2026\/03\/GALA2026-ESP-300x300.png 300w, https:\/\/lentraide.es\/wp-content\/uploads\/2026\/03\/GALA2026-ESP-100x100.png 100w, https:\/\/lentraide.es\/wp-content\/uploads\/2026\/03\/GALA2026-ESP.png 500w\" sizes=\"auto, (max-width: 150px) 100vw, 150px\" \/>            <\/span>\n        <\/a>\n\n\t\t<span class=\"add-to-cart-button-outer\"><span class=\"add-to-cart-button-inner\"><a href=\"https:\/\/lentraide.es\/es\/tienda\/cena-de-gala-de-lentraide-martes-23-de-junio-2026\/\" aria-describedby=\"woocommerce_loop_add_to_cart_link_describedby_63424\" data-quantity=\"1\" class=\"button product_type_variable add_to_cart_button qbutton add-to-cart-button\" data-product_id=\"63424\" data-product_sku=\"\" aria-label=\"Elige las opciones para &ldquo;Cena de gala de l&#039;Entraide - Martes 23 de Junio 2026&rdquo;\" rel=\"nofollow\">Seleccionar opciones<\/a><\/span><\/span>\t<span id=\"woocommerce_loop_add_to_cart_link_describedby_63424\" class=\"screen-reader-text\">\n\t\tEste producto tiene m\u00faltiples variantes. Las opciones se pueden elegir en la p\u00e1gina de producto\t<\/span>\n\n    <\/div>\n        <a itemprop=\"url\" href=\"https:\/\/lentraide.es\/es\/tienda\/cena-de-gala-de-lentraide-martes-23-de-junio-2026\/\" class=\"product-category product-info\">\n        <h6 itemprop=\"name\">Cena de gala de l&#8217;Entraide &#8211; Martes 23 de Junio 2026<\/h6>\n\t    \n\t                <div class=\"separator after-title-spearator small center\"><\/div>\n        \n        \n\t<span class=\"price\"><span class=\"woocommerce-Price-amount amount\"><bdi>140.00<span class=\"woocommerce-Price-currencySymbol\">&euro;<\/span><\/bdi><\/span><\/span>\n    <\/a>\n    <div class=\"qqvfw-quick-view-button-wrapper qqvfw-position--after-add-to-cart\">\t<a role=\"button\" tabindex=\"0\" class=\"qqvfw-shortcode qqvfw-m  qqvfw-quick-view-button button qqvfw-type--icon-with-text\" data-item-id=\"63424\" data-quick-view-type=\"pop-up\" data-quick-view-type-mobile=\"pop-up\" aria-label=\"Ver el Producto\" href=\"?quick_view_button=63424\" data-shortcode-atts=\"{&quot;button_type&quot;:&quot;icon-with-text&quot;}\" rel=\"noopener noreferrer\">\t\t<span class=\"qqvfw-m-spinner\">\t<svg class=\"qqvfw-svg--spinner\" xmlns=\"http:\/\/www.w3.org\/2000\/svg\" viewBox=\"0 0 512 512\"><path d=\"M304 48c0 26.51-21.49 48-48 48s-48-21.49-48-48 21.49-48 48-48 48 21.49 48 48zm-48 368c-26.51 0-48 21.49-48 48s21.49 48 48 48 48-21.49 48-48-21.49-48-48-48zm208-208c-26.51 0-48 21.49-48 48s21.49 48 48 48 48-21.49 48-48-21.49-48-48-48zM96 256c0-26.51-21.49-48-48-48S0 229.49 0 256s21.49 48 48 48 48-21.49 48-48zm12.922 99.078c-26.51 0-48 21.49-48 48s21.49 48 48 48 48-21.49 48-48c0-26.509-21.491-48-48-48zm294.156 0c-26.51 0-48 21.49-48 48s21.49 48 48 48 48-21.49 48-48c0-26.509-21.49-48-48-48zM108.922 60.922c-26.51 0-48 21.49-48 48s21.49 48 48 48 48-21.49 48-48-21.491-48-48-48z\"><\/path><\/svg><\/span><span class=\"qqvfw-m-icon qqvfw-icon--predefined\">\t<svg class=\"qqvfw-svg--quick-view\" xmlns=\"http:\/\/www.w3.org\/2000\/svg\" width=\"22.091\" height=\"13.5\" viewBox=\"0 0 22.091 13.5\"><g transform=\"translate(1.01 .75)\" stroke-miterlimit=\"10\" stroke-width=\"1.5\"><circle cx=\"3\" cy=\"3\" r=\"3\" transform=\"translate(7 3)\"\/><path d=\"M0 5.538S5.833 12 10 12s10-6.462 10-6.462S13.333 0 10 0C5.833 0 .833 4.615 0 5.538Z\"\/><\/g><\/svg><\/span><span class=\"qqvfw-m-text\">Ver el Producto<\/span>\t<\/a><\/div><\/li><\/ul>\n<\/div>[vc_column_text css=\u00bb.vc_custom_1774697529547{padding-top: 20px !important;}\u00bb]<\/p>\n<h4 style=\"text-align: left;\"><strong><span style=\"color: #0029cc;\"><span style=\"color: #0029cc;\">Fecha limite de inscripci\u00f3n :<br \/>\nMiercoles 17\u00a0de junio 2026<\/span><\/span><\/strong><\/h4>\n<p>[\/vc_column_text][vc_empty_space height=\u00bb10px\u00bb][\/vc_column_inner][\/vc_row_inner][\/vc_column][vc_column width=\u00bb1\/4&#8243;][\/vc_column][\/vc_row][vc_row css_animation=\u00bb\u00bb row_type=\u00bbrow\u00bb use_row_as_full_screen_section=\u00bbno\u00bb type=\u00bbfull_width\u00bb angled_section=\u00bbno\u00bb text_align=\u00bbleft\u00bb background_image_as_pattern=\u00bbwithout_pattern\u00bb][vc_column width=\u00bb1\/6&#8243;][\/vc_column][vc_column width=\u00bb2\/3&#8243;][vc_row_inner row_type=\u00bbrow\u00bb type=\u00bbfull_width\u00bb text_align=\u00bbleft\u00bb css_animation=\u00bb\u00bb css=\u00bb.vc_custom_1683967741735{margin-bottom: 20px !important;padding-top: 10px !important;padding-bottom: 10px !important;background-color: #f4f4f4 !important;}\u00bb][vc_column_inner][vc_empty_space height=\u00bb10px\u00bb][vc_column_text css=\u00bb.vc_custom_1775896760209{padding-left: 10px !important;background-color: #f4f4f4 !important;}\u00bb]<\/p>\n<h4 style=\"text-align: justify;\"><\/h4>\n<p><\/p>\n<h4 style=\"text-align: justify;\"><strong>Est\u00e1n invitados a indicar su elecci\u00f3n de plato principal: <span style=\"color: #0029cc;\">carne \/ pescado \/ vegetariano<\/span>.<\/strong><\/h4>\n<p>&nbsp;<\/p>\n<h4><strong>Si compran varias entradas, indiquen en los comentarios de su pedido (al realizar el pago) el nombre de sus invitados. Tambi\u00e9n ind\u00edquenos sus restricciones diet\u00e9ticas (alergias, gluten, dieta vegetariana, etc.).<\/strong><\/h4>\n<p>&nbsp;<\/p>\n<h4 style=\"text-align: justify;\"><strong>Tambi\u00e9n pueden adquirir la opci\u00f3n <span style=\"color: #0029cc;\">FILA 0<\/span> si, lamentablemente, no pueden acompa\u00f1arnos el 23 de junio.<\/strong><\/h4>\n<p>&nbsp;<\/p>\n<h4 style=\"text-align: justify;\"><strong>Las mesas est\u00e1n preparadas para 10 personas y pueden organizar una mesa completa o parcial con sus amigos. Ind\u00edquenoslo en los comentarios de su pedido o enviando un mensaje a la asociaci\u00f3n a <a href=\"mailto:info@lentraide.es\"><span style=\"color: #0029cc;\">info@lentraide.es<\/span><\/a><\/strong><\/h4>\n<p>&nbsp;<\/p>\n<h4>&#8212;&#8212;&#8212;&#8212;&#8212;&#8212;&#8212;&#8211;<\/h4>\n<p>&nbsp;<\/p>\n<h4><strong><span style=\"color: #ba0938;\">Los socios se benefician de una tarifa preferente de 120 \u20ac.<\/span><\/strong><\/h4>\n<p>&nbsp;<\/p>\n<h4><strong>\u00a1A\u00fan est\u00e1n a tiempo de hacerse socios \ud83d\udc96!<\/strong><\/h4>\n<p><\/p>\n<h4><strong><span style=\"color: #0029cc;\"><a href=\"https:\/\/lentraide.es\/es\/tienda\/cuota-anual\/\">https:\/\/lentraide.es\/es\/tienda\/cuota-anual\/<\/a><\/span><\/strong><\/h4>\n<p>&nbsp;<\/p>\n<h4><em>La diferencia de 20 \u20ac se convertir\u00e1 en 4 boletos para la tombola, que podr\u00e1n recoger la noche de la cena, o les ser\u00e1 reembolsada si lo solicitan enviando un correo a <a href=\"mailto:info@lentraide.es\">info@lentraide.es<\/a> (indiquen su IBAN, por favor).<\/em><\/h4>\n<p>[\/vc_column_text][vc_empty_space height=\u00bb10px\u00bb]<div class=\"woocommerce \"><ul class=\"products\">\n<li class=\"product type-product post-60507 status-publish first instock product_cat-donaciones-y-cuotas has-post-thumbnail shipping-taxable purchasable product-type-variable has-default-attributes\">\n\t\n\t\t\n    <div class=\"top-product-section\">\n\n        <a itemprop=\"url\" href=\"https:\/\/lentraide.es\/es\/tienda\/cuota-anual\/\" class=\"product-category\">\n            <span class=\"image-wrapper\">\n            <img loading=\"lazy\" decoding=\"async\" width=\"150\" height=\"150\" src=\"https:\/\/lentraide.es\/wp-content\/uploads\/2025\/03\/FICHE_PRODUIT_ENTRAIDE-4-150x150.jpg\" class=\"attachment-woocommerce_thumbnail size-woocommerce_thumbnail\" alt=\"Cuota Anual\" srcset=\"https:\/\/lentraide.es\/wp-content\/uploads\/2025\/03\/FICHE_PRODUIT_ENTRAIDE-4-150x150.jpg 150w, https:\/\/lentraide.es\/wp-content\/uploads\/2025\/03\/FICHE_PRODUIT_ENTRAIDE-4-300x300.jpg 300w, https:\/\/lentraide.es\/wp-content\/uploads\/2025\/03\/FICHE_PRODUIT_ENTRAIDE-4-500x500.jpg 500w, https:\/\/lentraide.es\/wp-content\/uploads\/2025\/03\/FICHE_PRODUIT_ENTRAIDE-4-100x100.jpg 100w, https:\/\/lentraide.es\/wp-content\/uploads\/2025\/03\/FICHE_PRODUIT_ENTRAIDE-4.jpg 550w\" sizes=\"auto, (max-width: 150px) 100vw, 150px\" \/>            <\/span>\n        <\/a>\n\n\t\t<a href=\"https:\/\/lentraide.es\/es\/tienda\/cuota-anual\/\" class=\"button product_type_simple\" aria-label=\"Indicar DNI\/NIE\" rel=\"nofollow\">Indicar DNI\/NIE<\/a>\t<span id=\"woocommerce_loop_add_to_cart_link_describedby_60507\" class=\"screen-reader-text\">\n\t\tEste producto tiene m\u00faltiples variantes. Las opciones se pueden elegir en la p\u00e1gina de producto\t<\/span>\n\n    <\/div>\n        <a itemprop=\"url\" href=\"https:\/\/lentraide.es\/es\/tienda\/cuota-anual\/\" class=\"product-category product-info\">\n        <h6 itemprop=\"name\">Cuota Anual<\/h6>\n\t    \n\t                <div class=\"separator after-title-spearator small center\"><\/div>\n        \n        \n\t<span class=\"price\"><span class=\"woocommerce-Price-amount amount\" aria-hidden=\"true\"><bdi>50.00<span class=\"woocommerce-Price-currencySymbol\">&euro;<\/span><\/bdi><\/span> <span aria-hidden=\"true\">-<\/span> <span class=\"woocommerce-Price-amount amount\" aria-hidden=\"true\"><bdi>100.00<span class=\"woocommerce-Price-currencySymbol\">&euro;<\/span><\/bdi><\/span><span class=\"screen-reader-text\">Rango de precios: desde 50.00&euro; hasta 100.00&euro;<\/span><\/span>\n    <\/a>\n    <div class=\"qqvfw-quick-view-button-wrapper qqvfw-position--after-add-to-cart\">\t<a role=\"button\" tabindex=\"0\" class=\"qqvfw-shortcode qqvfw-m  qqvfw-quick-view-button button qqvfw-type--icon-with-text\" data-item-id=\"60507\" data-quick-view-type=\"pop-up\" data-quick-view-type-mobile=\"pop-up\" aria-label=\"Ver el Producto\" href=\"?quick_view_button=60507\" data-shortcode-atts=\"{&quot;button_type&quot;:&quot;icon-with-text&quot;}\" rel=\"noopener noreferrer\">\t\t<span class=\"qqvfw-m-spinner\">\t<svg class=\"qqvfw-svg--spinner\" xmlns=\"http:\/\/www.w3.org\/2000\/svg\" viewBox=\"0 0 512 512\"><path d=\"M304 48c0 26.51-21.49 48-48 48s-48-21.49-48-48 21.49-48 48-48 48 21.49 48 48zm-48 368c-26.51 0-48 21.49-48 48s21.49 48 48 48 48-21.49 48-48-21.49-48-48-48zm208-208c-26.51 0-48 21.49-48 48s21.49 48 48 48 48-21.49 48-48-21.49-48-48-48zM96 256c0-26.51-21.49-48-48-48S0 229.49 0 256s21.49 48 48 48 48-21.49 48-48zm12.922 99.078c-26.51 0-48 21.49-48 48s21.49 48 48 48 48-21.49 48-48c0-26.509-21.491-48-48-48zm294.156 0c-26.51 0-48 21.49-48 48s21.49 48 48 48 48-21.49 48-48c0-26.509-21.49-48-48-48zM108.922 60.922c-26.51 0-48 21.49-48 48s21.49 48 48 48 48-21.49 48-48-21.491-48-48-48z\"><\/path><\/svg><\/span><span class=\"qqvfw-m-icon qqvfw-icon--predefined\">\t<svg class=\"qqvfw-svg--quick-view\" xmlns=\"http:\/\/www.w3.org\/2000\/svg\" width=\"22.091\" height=\"13.5\" viewBox=\"0 0 22.091 13.5\"><g transform=\"translate(1.01 .75)\" stroke-miterlimit=\"10\" stroke-width=\"1.5\"><circle cx=\"3\" cy=\"3\" r=\"3\" transform=\"translate(7 3)\"\/><path d=\"M0 5.538S5.833 12 10 12s10-6.462 10-6.462S13.333 0 10 0C5.833 0 .833 4.615 0 5.538Z\"\/><\/g><\/svg><\/span><span class=\"qqvfw-m-text\">Ver el Producto<\/span>\t<\/a><\/div><\/li><\/ul>\n<\/div>[\/vc_column_inner][\/vc_row_inner][vc_empty_space][\/vc_column][vc_column width=\u00bb1\/6&#8243;][\/vc_column][\/vc_row][vc_row css_animation=\u00bb\u00bb row_type=\u00bbrow\u00bb use_row_as_full_screen_section=\u00bbno\u00bb type=\u00bbfull_width\u00bb angled_section=\u00bbno\u00bb text_align=\u00bbleft\u00bb background_image_as_pattern=\u00bbwithout_pattern\u00bb][vc_column width=\u00bb1\/6&#8243;][\/vc_column][vc_column width=\u00bb2\/3&#8243;][vc_row_inner row_type=\u00bbrow\u00bb type=\u00bbfull_width\u00bb text_align=\u00bbleft\u00bb css_animation=\u00bb\u00bb css=\u00bb.vc_custom_1748514014449{background-color: #0029CB !important;}\u00bb][vc_column_inner][vc_column_text css=\u00bb.vc_custom_1744537418030{padding-top: 20px !important;padding-bottom: 20px !important;}\u00bb]<\/p>\n<h1 style=\"text-align: center;\"><span style=\"color: #ffffff;\">\u00a1Os esperamos numerosas y numerosos<\/span><\/h1>\n<p><\/p>\n<h1 style=\"text-align: center;\"><span style=\"color: #ffffff;\">en esta cita imprescindible de los amigos de L\u2019Entraide!<\/span><\/h1>\n<p>[\/vc_column_text][\/vc_column_inner][\/vc_row_inner][\/vc_column][vc_column width=\u00bb1\/6&#8243;][\/vc_column][\/vc_row]<\/p>\n<\/div>","protected":false},"excerpt":{"rendered":"<p>[vc_row css_animation=\u00bb\u00bb row_type=\u00bbrow\u00bb use_row_as_full_screen_section=\u00bbno\u00bb type=\u00bbfull_width\u00bb angled_section=\u00bbno\u00bb text_align=\u00bbleft\u00bb background_image_as_pattern=\u00bbwithout_pattern\u00bb][vc_column width=\u00bb1\/6&#8243;][\/vc_column][vc_column width=\u00bb2\/3&#8243;][vc_single_image image=\u00bb63374&#8243; img_size=\u00bblarge\u00bb alignment=\u00bbcenter\u00bb css=\u00bb\u00bb qode_css_animation=\u00bb\u00bb][vc_empty_space][vc_row_inner row_type=\u00bbrow\u00bb type=\u00bbfull_width\u00bb text_align=\u00bbleft\u00bb css_animation=\u00bb\u00bb css=\u00bb.vc_custom_1683967647765{background-color: #0029cb !important;}\u00bb][vc_column_inner][vc_column_text css=\u00bb.vc_custom_1715084808145{padding-top: 20px !important;padding-bottom: 20px !important;background-color: #0029cb !important;}\u00bb] Cena&#8230;<\/p>\n","protected":false},"author":3,"featured_media":63641,"comment_status":"closed","ping_status":"closed","sticky":false,"template":"","format":"standard","meta":{"_acf_changed":false,"footnotes":""},"categories":[196,204],"tags":[],"class_list":["post-63387","post","type-post","status-publish","format-standard","has-post-thumbnail","hentry","category-actus-es","category-evenement-es"],"acf":[],"yoast_head":"<!-- This site is optimized with the Yoast SEO plugin v27.3 - https:\/\/yoast.com\/product\/yoast-seo-wordpress\/ -->\n<title>Cena de gala de l&#039;Entraide - Martes 23 de junio 2026 a partir de las 20:00 | Entraide Fran\u00e7aise<\/title>\n<meta name=\"description\" content=\"Cena de gala de l&#039;Entraide - Martes 23 de junio 2026 a partir de las 20:00 | Entraide Fran\u00e7aise |\" \/>\n<meta name=\"robots\" content=\"index, follow, max-snippet:-1, max-image-preview:large, max-video-preview:-1\" \/>\n<link rel=\"canonical\" href=\"https:\/\/lentraide.es\/es\/cena-gala-entraide\/\" \/>\n<meta property=\"og:locale\" content=\"es_ES\" \/>\n<meta property=\"og:type\" content=\"article\" \/>\n<meta property=\"og:title\" content=\"Cena de gala de l&#039;Entraide - Martes 23 de junio 2026 a partir de las 20:00 | Entraide Fran\u00e7aise\" \/>\n<meta property=\"og:description\" content=\"Cena de gala de l&#039;Entraide - Martes 23 de junio 2026 a partir de las 20:00 | Entraide Fran\u00e7aise |\" \/>\n<meta property=\"og:url\" content=\"https:\/\/lentraide.es\/es\/cena-gala-entraide\/\" \/>\n<meta property=\"og:site_name\" content=\"Entraide Fran\u00e7aise\" \/>\n<meta property=\"article:publisher\" content=\"https:\/\/www.facebook.com\/entraide.francaisemadrid\" \/>\n<meta property=\"article:published_time\" content=\"2026-03-28T11:55:13+00:00\" \/>\n<meta property=\"article:modified_time\" content=\"2026-04-20T12:12:04+00:00\" \/>\n<meta property=\"og:image\" content=\"https:\/\/lentraide.es\/wp-content\/uploads\/2026\/03\/GALA2026-FR.png\" \/>\n\t<meta property=\"og:image:width\" content=\"500\" \/>\n\t<meta property=\"og:image:height\" content=\"500\" \/>\n\t<meta property=\"og:image:type\" content=\"image\/png\" \/>\n<meta name=\"author\" content=\"Jean-Francois FAVARD\" \/>\n<meta name=\"twitter:card\" content=\"summary_large_image\" \/>\n<meta name=\"twitter:label1\" content=\"Escrito por\" \/>\n\t<meta name=\"twitter:data1\" content=\"Jean-Francois FAVARD\" \/>\n\t<meta name=\"twitter:label2\" content=\"Tiempo de lectura\" \/>\n\t<meta name=\"twitter:data2\" content=\"4 minutos\" \/>\n<script type=\"application\/ld+json\" class=\"yoast-schema-graph\">{\"@context\":\"https:\\\/\\\/schema.org\",\"@graph\":[{\"@type\":\"Article\",\"@id\":\"https:\\\/\\\/lentraide.es\\\/es\\\/cena-gala-entraide\\\/#article\",\"isPartOf\":{\"@id\":\"https:\\\/\\\/lentraide.es\\\/es\\\/cena-gala-entraide\\\/\"},\"author\":{\"name\":\"Jean-Francois FAVARD\",\"@id\":\"https:\\\/\\\/lentraide.es\\\/fr\\\/#\\\/schema\\\/person\\\/577108d3c9aa35d5edfbc1319e26311b\"},\"headline\":\"Cena de gala de l&#8217;Entraide &#8211; Martes 23 de junio 2026 a partir de las 20:00\",\"datePublished\":\"2026-03-28T11:55:13+00:00\",\"dateModified\":\"2026-04-20T12:12:04+00:00\",\"mainEntityOfPage\":{\"@id\":\"https:\\\/\\\/lentraide.es\\\/es\\\/cena-gala-entraide\\\/\"},\"wordCount\":1503,\"publisher\":{\"@id\":\"https:\\\/\\\/lentraide.es\\\/fr\\\/#organization\"},\"image\":{\"@id\":\"https:\\\/\\\/lentraide.es\\\/es\\\/cena-gala-entraide\\\/#primaryimage\"},\"thumbnailUrl\":\"https:\\\/\\\/lentraide.es\\\/wp-content\\\/uploads\\\/2026\\\/03\\\/GALA2026-FR.png\",\"articleSection\":[\"Actus\",\"Ev\u00e9nements\"],\"inLanguage\":\"es\"},{\"@type\":\"WebPage\",\"@id\":\"https:\\\/\\\/lentraide.es\\\/es\\\/cena-gala-entraide\\\/\",\"url\":\"https:\\\/\\\/lentraide.es\\\/es\\\/cena-gala-entraide\\\/\",\"name\":\"Cena de gala de l'Entraide - Martes 23 de junio 2026 a partir de las 20:00 | Entraide Fran\u00e7aise\",\"isPartOf\":{\"@id\":\"https:\\\/\\\/lentraide.es\\\/fr\\\/#website\"},\"primaryImageOfPage\":{\"@id\":\"https:\\\/\\\/lentraide.es\\\/es\\\/cena-gala-entraide\\\/#primaryimage\"},\"image\":{\"@id\":\"https:\\\/\\\/lentraide.es\\\/es\\\/cena-gala-entraide\\\/#primaryimage\"},\"thumbnailUrl\":\"https:\\\/\\\/lentraide.es\\\/wp-content\\\/uploads\\\/2026\\\/03\\\/GALA2026-FR.png\",\"datePublished\":\"2026-03-28T11:55:13+00:00\",\"dateModified\":\"2026-04-20T12:12:04+00:00\",\"description\":\"Cena de gala de l'Entraide - Martes 23 de junio 2026 a partir de las 20:00 | Entraide Fran\u00e7aise |\",\"breadcrumb\":{\"@id\":\"https:\\\/\\\/lentraide.es\\\/es\\\/cena-gala-entraide\\\/#breadcrumb\"},\"inLanguage\":\"es\",\"potentialAction\":[{\"@type\":\"ReadAction\",\"target\":[\"https:\\\/\\\/lentraide.es\\\/es\\\/cena-gala-entraide\\\/\"]}]},{\"@type\":\"ImageObject\",\"inLanguage\":\"es\",\"@id\":\"https:\\\/\\\/lentraide.es\\\/es\\\/cena-gala-entraide\\\/#primaryimage\",\"url\":\"https:\\\/\\\/lentraide.es\\\/wp-content\\\/uploads\\\/2026\\\/03\\\/GALA2026-FR.png\",\"contentUrl\":\"https:\\\/\\\/lentraide.es\\\/wp-content\\\/uploads\\\/2026\\\/03\\\/GALA2026-FR.png\",\"width\":500,\"height\":500},{\"@type\":\"BreadcrumbList\",\"@id\":\"https:\\\/\\\/lentraide.es\\\/es\\\/cena-gala-entraide\\\/#breadcrumb\",\"itemListElement\":[{\"@type\":\"ListItem\",\"position\":1,\"name\":\"Accueil\",\"item\":\"https:\\\/\\\/lentraide.es\\\/es\\\/\"},{\"@type\":\"ListItem\",\"position\":2,\"name\":\"Cena de gala de l&rsquo;Entraide &#8211; Martes 23 de junio 2026 a partir de las 20:00\"}]},{\"@type\":\"WebSite\",\"@id\":\"https:\\\/\\\/lentraide.es\\\/fr\\\/#website\",\"url\":\"https:\\\/\\\/lentraide.es\\\/fr\\\/\",\"name\":\"Entraide Fran\u00e7aise\",\"description\":\"Une main tendue vers la France\",\"publisher\":{\"@id\":\"https:\\\/\\\/lentraide.es\\\/fr\\\/#organization\"},\"alternateName\":\"L'entraide\",\"potentialAction\":[{\"@type\":\"SearchAction\",\"target\":{\"@type\":\"EntryPoint\",\"urlTemplate\":\"https:\\\/\\\/lentraide.es\\\/fr\\\/?s={search_term_string}\"},\"query-input\":{\"@type\":\"PropertyValueSpecification\",\"valueRequired\":true,\"valueName\":\"search_term_string\"}}],\"inLanguage\":\"es\"},{\"@type\":\"Organization\",\"@id\":\"https:\\\/\\\/lentraide.es\\\/fr\\\/#organization\",\"name\":\"Entraide Fran\u00e7aise\",\"alternateName\":\"L'entraide\",\"url\":\"https:\\\/\\\/lentraide.es\\\/fr\\\/\",\"logo\":{\"@type\":\"ImageObject\",\"inLanguage\":\"es\",\"@id\":\"https:\\\/\\\/lentraide.es\\\/fr\\\/#\\\/schema\\\/logo\\\/image\\\/\",\"url\":\"https:\\\/\\\/lentraide.es\\\/wp-content\\\/uploads\\\/2015\\\/07\\\/LOGO-azul2.png\",\"contentUrl\":\"https:\\\/\\\/lentraide.es\\\/wp-content\\\/uploads\\\/2015\\\/07\\\/LOGO-azul2.png\",\"width\":232,\"height\":146,\"caption\":\"Entraide Fran\u00e7aise\"},\"image\":{\"@id\":\"https:\\\/\\\/lentraide.es\\\/fr\\\/#\\\/schema\\\/logo\\\/image\\\/\"},\"sameAs\":[\"https:\\\/\\\/www.facebook.com\\\/entraide.francaisemadrid\",\"https:\\\/\\\/www.instagram.com\\\/entraidefrancaisemadrid\\\/\"]},{\"@type\":\"Person\",\"@id\":\"https:\\\/\\\/lentraide.es\\\/fr\\\/#\\\/schema\\\/person\\\/577108d3c9aa35d5edfbc1319e26311b\",\"name\":\"Jean-Francois FAVARD\",\"image\":{\"@type\":\"ImageObject\",\"inLanguage\":\"es\",\"@id\":\"https:\\\/\\\/secure.gravatar.com\\\/avatar\\\/b1c737461fffe9d5e135e393aaa25630f1ee3e8b55214f3e7ccda89a6b60e783?s=96&d=mm&r=g\",\"url\":\"https:\\\/\\\/secure.gravatar.com\\\/avatar\\\/b1c737461fffe9d5e135e393aaa25630f1ee3e8b55214f3e7ccda89a6b60e783?s=96&d=mm&r=g\",\"contentUrl\":\"https:\\\/\\\/secure.gravatar.com\\\/avatar\\\/b1c737461fffe9d5e135e393aaa25630f1ee3e8b55214f3e7ccda89a6b60e783?s=96&d=mm&r=g\",\"caption\":\"Jean-Francois FAVARD\"},\"url\":\"https:\\\/\\\/lentraide.es\\\/es\\\/author\\\/jffavard\\\/\"}]}<\/script>\n<!-- \/ Yoast SEO plugin. -->","yoast_head_json":{"title":"Cena de gala de l'Entraide - Martes 23 de junio 2026 a partir de las 20:00 | Entraide Fran\u00e7aise","description":"Cena de gala de l'Entraide - Martes 23 de junio 2026 a partir de las 20:00 | Entraide Fran\u00e7aise |","robots":{"index":"index","follow":"follow","max-snippet":"max-snippet:-1","max-image-preview":"max-image-preview:large","max-video-preview":"max-video-preview:-1"},"canonical":"https:\/\/lentraide.es\/es\/cena-gala-entraide\/","og_locale":"es_ES","og_type":"article","og_title":"Cena de gala de l'Entraide - Martes 23 de junio 2026 a partir de las 20:00 | Entraide Fran\u00e7aise","og_description":"Cena de gala de l'Entraide - Martes 23 de junio 2026 a partir de las 20:00 | Entraide Fran\u00e7aise |","og_url":"https:\/\/lentraide.es\/es\/cena-gala-entraide\/","og_site_name":"Entraide Fran\u00e7aise","article_publisher":"https:\/\/www.facebook.com\/entraide.francaisemadrid","article_published_time":"2026-03-28T11:55:13+00:00","article_modified_time":"2026-04-20T12:12:04+00:00","og_image":[{"width":500,"height":500,"url":"https:\/\/lentraide.es\/wp-content\/uploads\/2026\/03\/GALA2026-FR.png","type":"image\/png"}],"author":"Jean-Francois FAVARD","twitter_card":"summary_large_image","twitter_misc":{"Escrito por":"Jean-Francois FAVARD","Tiempo de lectura":"4 minutos"},"schema":{"@context":"https:\/\/schema.org","@graph":[{"@type":"Article","@id":"https:\/\/lentraide.es\/es\/cena-gala-entraide\/#article","isPartOf":{"@id":"https:\/\/lentraide.es\/es\/cena-gala-entraide\/"},"author":{"name":"Jean-Francois FAVARD","@id":"https:\/\/lentraide.es\/fr\/#\/schema\/person\/577108d3c9aa35d5edfbc1319e26311b"},"headline":"Cena de gala de l&#8217;Entraide &#8211; Martes 23 de junio 2026 a partir de las 20:00","datePublished":"2026-03-28T11:55:13+00:00","dateModified":"2026-04-20T12:12:04+00:00","mainEntityOfPage":{"@id":"https:\/\/lentraide.es\/es\/cena-gala-entraide\/"},"wordCount":1503,"publisher":{"@id":"https:\/\/lentraide.es\/fr\/#organization"},"image":{"@id":"https:\/\/lentraide.es\/es\/cena-gala-entraide\/#primaryimage"},"thumbnailUrl":"https:\/\/lentraide.es\/wp-content\/uploads\/2026\/03\/GALA2026-FR.png","articleSection":["Actus","Ev\u00e9nements"],"inLanguage":"es"},{"@type":"WebPage","@id":"https:\/\/lentraide.es\/es\/cena-gala-entraide\/","url":"https:\/\/lentraide.es\/es\/cena-gala-entraide\/","name":"Cena de gala de l'Entraide - Martes 23 de junio 2026 a partir de las 20:00 | Entraide Fran\u00e7aise","isPartOf":{"@id":"https:\/\/lentraide.es\/fr\/#website"},"primaryImageOfPage":{"@id":"https:\/\/lentraide.es\/es\/cena-gala-entraide\/#primaryimage"},"image":{"@id":"https:\/\/lentraide.es\/es\/cena-gala-entraide\/#primaryimage"},"thumbnailUrl":"https:\/\/lentraide.es\/wp-content\/uploads\/2026\/03\/GALA2026-FR.png","datePublished":"2026-03-28T11:55:13+00:00","dateModified":"2026-04-20T12:12:04+00:00","description":"Cena de gala de l'Entraide - Martes 23 de junio 2026 a partir de las 20:00 | Entraide Fran\u00e7aise |","breadcrumb":{"@id":"https:\/\/lentraide.es\/es\/cena-gala-entraide\/#breadcrumb"},"inLanguage":"es","potentialAction":[{"@type":"ReadAction","target":["https:\/\/lentraide.es\/es\/cena-gala-entraide\/"]}]},{"@type":"ImageObject","inLanguage":"es","@id":"https:\/\/lentraide.es\/es\/cena-gala-entraide\/#primaryimage","url":"https:\/\/lentraide.es\/wp-content\/uploads\/2026\/03\/GALA2026-FR.png","contentUrl":"https:\/\/lentraide.es\/wp-content\/uploads\/2026\/03\/GALA2026-FR.png","width":500,"height":500},{"@type":"BreadcrumbList","@id":"https:\/\/lentraide.es\/es\/cena-gala-entraide\/#breadcrumb","itemListElement":[{"@type":"ListItem","position":1,"name":"Accueil","item":"https:\/\/lentraide.es\/es\/"},{"@type":"ListItem","position":2,"name":"Cena de gala de l&rsquo;Entraide &#8211; Martes 23 de junio 2026 a partir de las 20:00"}]},{"@type":"WebSite","@id":"https:\/\/lentraide.es\/fr\/#website","url":"https:\/\/lentraide.es\/fr\/","name":"Entraide Fran\u00e7aise","description":"Une main tendue vers la France","publisher":{"@id":"https:\/\/lentraide.es\/fr\/#organization"},"alternateName":"L'entraide","potentialAction":[{"@type":"SearchAction","target":{"@type":"EntryPoint","urlTemplate":"https:\/\/lentraide.es\/fr\/?s={search_term_string}"},"query-input":{"@type":"PropertyValueSpecification","valueRequired":true,"valueName":"search_term_string"}}],"inLanguage":"es"},{"@type":"Organization","@id":"https:\/\/lentraide.es\/fr\/#organization","name":"Entraide Fran\u00e7aise","alternateName":"L'entraide","url":"https:\/\/lentraide.es\/fr\/","logo":{"@type":"ImageObject","inLanguage":"es","@id":"https:\/\/lentraide.es\/fr\/#\/schema\/logo\/image\/","url":"https:\/\/lentraide.es\/wp-content\/uploads\/2015\/07\/LOGO-azul2.png","contentUrl":"https:\/\/lentraide.es\/wp-content\/uploads\/2015\/07\/LOGO-azul2.png","width":232,"height":146,"caption":"Entraide Fran\u00e7aise"},"image":{"@id":"https:\/\/lentraide.es\/fr\/#\/schema\/logo\/image\/"},"sameAs":["https:\/\/www.facebook.com\/entraide.francaisemadrid","https:\/\/www.instagram.com\/entraidefrancaisemadrid\/"]},{"@type":"Person","@id":"https:\/\/lentraide.es\/fr\/#\/schema\/person\/577108d3c9aa35d5edfbc1319e26311b","name":"Jean-Francois FAVARD","image":{"@type":"ImageObject","inLanguage":"es","@id":"https:\/\/secure.gravatar.com\/avatar\/b1c737461fffe9d5e135e393aaa25630f1ee3e8b55214f3e7ccda89a6b60e783?s=96&d=mm&r=g","url":"https:\/\/secure.gravatar.com\/avatar\/b1c737461fffe9d5e135e393aaa25630f1ee3e8b55214f3e7ccda89a6b60e783?s=96&d=mm&r=g","contentUrl":"https:\/\/secure.gravatar.com\/avatar\/b1c737461fffe9d5e135e393aaa25630f1ee3e8b55214f3e7ccda89a6b60e783?s=96&d=mm&r=g","caption":"Jean-Francois FAVARD"},"url":"https:\/\/lentraide.es\/es\/author\/jffavard\/"}]}},"_links":{"self":[{"href":"https:\/\/lentraide.es\/es\/wp-json\/wp\/v2\/posts\/63387","targetHints":{"allow":["GET"]}}],"collection":[{"href":"https:\/\/lentraide.es\/es\/wp-json\/wp\/v2\/posts"}],"about":[{"href":"https:\/\/lentraide.es\/es\/wp-json\/wp\/v2\/types\/post"}],"author":[{"embeddable":true,"href":"https:\/\/lentraide.es\/es\/wp-json\/wp\/v2\/users\/3"}],"replies":[{"embeddable":true,"href":"https:\/\/lentraide.es\/es\/wp-json\/wp\/v2\/comments?post=63387"}],"version-history":[{"count":35,"href":"https:\/\/lentraide.es\/es\/wp-json\/wp\/v2\/posts\/63387\/revisions"}],"predecessor-version":[{"id":63651,"href":"https:\/\/lentraide.es\/es\/wp-json\/wp\/v2\/posts\/63387\/revisions\/63651"}],"wp:featuredmedia":[{"embeddable":true,"href":"https:\/\/lentraide.es\/es\/wp-json\/wp\/v2\/media\/63641"}],"wp:attachment":[{"href":"https:\/\/lentraide.es\/es\/wp-json\/wp\/v2\/media?parent=63387"}],"wp:term":[{"taxonomy":"category","embeddable":true,"href":"https:\/\/lentraide.es\/es\/wp-json\/wp\/v2\/categories?post=63387"},{"taxonomy":"post_tag","embeddable":true,"href":"https:\/\/lentraide.es\/es\/wp-json\/wp\/v2\/tags?post=63387"}],"curies":[{"name":"wp","href":"https:\/\/api.w.org\/{rel}","templated":true}]}}